{"id":1544,"date":"2018-12-10T11:44:19","date_gmt":"2018-12-10T10:44:19","guid":{"rendered":"https:\/\/www.firstcisl.it\/ambofe\/?p=1544"},"modified":"2018-12-20T12:59:45","modified_gmt":"2018-12-20T11:59:45","slug":"unicredit-anche-a-bologna-i-dipendenti-si-preparano-alla-mobilitazione","status":"publish","type":"post","link":"https:\/\/www.firstcisl.it\/ambofe\/2018\/12\/10\/unicredit-anche-a-bologna-i-dipendenti-si-preparano-alla-mobilitazione\/","title":{"rendered":"UNICREDIT &#8211; Il mandato dei lavoratori \u00e8 chiaro: o cambiano le cose, o si sciopera!"},"content":{"rendered":"<p>L&#8217;intervista a Stefano Grillini &#8211; Componente Segreteria Territoriale FIRST Cisl Area Metropolitana Bolognese e Ferrara &#8211; in merito allo stato di agitazione dei dipendenti Unicredit a causa delle insoddisfacenti risposte dell&#8217;Azienda alle difficolt\u00e0 dei colleghi delle filiali, costantemente sotto-organico a causa delle massicce uscite verso il Fondo Esuberi di Settore, uscite quasi mai rimpiazzate da nuove assunzioni.<\/p>\n<p>E cos\u00ec anche i dipendenti pi\u00f9 giovani e volenterosi si trovano ad affrontare le rimostranze della clientela per un servizio non pi\u00f9 all&#8217;altezza delle aspettative, a causa delle carenze organizzative e di personale ormai cronicizzate.<\/p>\n<p>Con questa &#8220;battaglia&#8221; i dipendenti di Unicredit vorrebbero quindi sensibilizzare anche i clienti in quanto \u00e8 evidente la &#8220;comunione di intenti&#8221;: maggiori risorse umane ed efficace formazione nelle filiali = miglior servizio per la clientela!<\/p>\n<p><a href=\"https:\/\/www.firstcisl.it\/ambofe\/wp-content\/uploads\/sites\/41\/2018\/12\/Vertenza-Unicredit-Intervista-a-Grillini.mp4\">https:\/\/www.firstcisl.it\/ambofe\/wp-content\/uploads\/sites\/41\/2018\/12\/Vertenza-Unicredit-Intervista-a-Grillini.mp4<\/a><\/p>\n<p>&nbsp;<\/p>\n<div class=\"gsp_post_data\" \r\n\t            data-post_type=\"post\" \r\n\t            data-cat=\"aziende-territori\" \r\n\t            data-modified=\"120\"\r\n\t            data-created=\"1544442259\"\r\n\t            data-title=\"UNICREDIT &#8211; Il mandato dei lavoratori \u00e8 chiaro: o cambiano le cose, o si sciopera!\" \r\n\t            data-home=\"https:\/\/www.firstcisl.it\/ambofe\"><\/div>","protected":false},"excerpt":{"rendered":"<p>L&#8217;intervista a Stefano Grillini &#8211; Componente Segreteria Territoriale FIRST Cisl Area Metropolitana Bolognese e Ferrara &#8211; in merito allo stato di agitazione dei dipendenti Unicredit a causa delle insoddisfacenti risposte dell&#8217;Azienda alle difficolt\u00e0 dei colleghi delle filiali, costantemente sotto-organico a causa delle massicce uscite verso il Fondo Esuberi di Settore, uscite quasi mai rimpiazzate da [&hellip;]<\/p>\n","protected":false},"author":64,"featured_media":1549,"comment_status":"closed","ping_status":"closed","sticky":false,"template":"","format":"standard","meta":{"footnotes":""},"categories":[17],"tags":[],"class_list":["post-1544","post","type-post","status-publish","format-standard","has-post-thumbnail","hentry","category-aziende-territori"],"_links":{"self":[{"href":"https:\/\/www.firstcisl.it\/ambofe\/wp-json\/wp\/v2\/posts\/1544","targetHints":{"allow":["GET"]}}],"collection":[{"href":"https:\/\/www.firstcisl.it\/ambofe\/wp-json\/wp\/v2\/posts"}],"about":[{"href":"https:\/\/www.firstcisl.it\/ambofe\/wp-json\/wp\/v2\/types\/post"}],"author":[{"embeddable":true,"href":"https:\/\/www.firstcisl.it\/ambofe\/wp-json\/wp\/v2\/users\/64"}],"replies":[{"embeddable":true,"href":"https:\/\/www.firstcisl.it\/ambofe\/wp-json\/wp\/v2\/comments?post=1544"}],"version-history":[{"count":6,"href":"https:\/\/www.firstcisl.it\/ambofe\/wp-json\/wp\/v2\/posts\/1544\/revisions"}],"predecessor-version":[{"id":1553,"href":"https:\/\/www.firstcisl.it\/ambofe\/wp-json\/wp\/v2\/posts\/1544\/revisions\/1553"}],"wp:featuredmedia":[{"embeddable":true,"href":"https:\/\/www.firstcisl.it\/ambofe\/wp-json\/wp\/v2\/media\/1549"}],"wp:attachment":[{"href":"https:\/\/www.firstcisl.it\/ambofe\/wp-json\/wp\/v2\/media?parent=1544"}],"wp:term":[{"taxonomy":"category","embeddable":true,"href":"https:\/\/www.firstcisl.it\/ambofe\/wp-json\/wp\/v2\/categories?post=1544"},{"taxonomy":"post_tag","embeddable":true,"href":"https:\/\/www.firstcisl.it\/ambofe\/wp-json\/wp\/v2\/tags?post=1544"}],"curies":[{"name":"wp","href":"https:\/\/api.w.org\/{rel}","templated":true}]}}