{"id":1521,"date":"2018-12-06T18:36:22","date_gmt":"2018-12-06T17:36:22","guid":{"rendered":"https:\/\/www.firstcisl.it\/ambofe\/?p=1521"},"modified":"2018-12-13T16:37:56","modified_gmt":"2018-12-13T15:37:56","slug":"consiglio-generale-first-cisl-area-metropolitana-bolognese-e-ferrara","status":"publish","type":"post","link":"https:\/\/www.firstcisl.it\/ambofe\/2018\/12\/06\/consiglio-generale-first-cisl-area-metropolitana-bolognese-e-ferrara\/","title":{"rendered":"CONSIGLIO GENERALE FIRST-CISL Area Metropolitana Bolognese e Ferrara"},"content":{"rendered":"<p>Luned\u00ec 3 dicembre 2018, presso il Salone Bondioli della Cisl bolognese, si \u00e8 riunito il Consiglio Generale Territoriale della FIRST &#8211; Cisl. Dopo i saluti e l&#8217;introduzione dell&#8217;ordine del giorno e dei relatori programmati da parte del Segretario Generale Territoriale Alberto Vignali, ha preso la parola Danilo Francesconi &#8211; Segretario Generale della Cisl Area Metropolitana Bolognese &#8211; a cui \u00e8 spettato il compito di presentare le richieste di CGIL-CISL-UIL al Governo, richieste ben dettagliate nel documento &#8220;Le priorit\u00e0 di CGIL-CISL-UIL per la Legge di Bilancio 2019&#8221; (raggiungibile cliccando sul link sotto riportato). E&#8217; poi stato Stefano Grillini &#8211; Componente della Segreteria Territoriale FIRST Cisl &#8211; a presentare brevemente i dati dell&#8217;andamento associativo della nostra Organizzazione sul Territorio ed a lanciare il Progetto dedicato alle\u00a0<em>Alte Professionalit\u00e0\u00a0<\/em>ed ai Quadri Direttivi, con una serie di servizi consulenziali messo a punto dalla DirFirst Nazionale in collaborazione con partner legali ed assicurativi specializzati. Ha preso poi la parola Orietta Ruccolo, Componente della Segreteria FIRST Regionale, che, portando i saluti anche della Segretaria Generale FIRST Emilia Romagna Sabrina Nanni &#8211; assente perch\u00e9\u00a0 impegnata in trattative sindacali aziendali &#8211; ha evidenziato l&#8217;importanza della Formazione continua dei dirigenti della nostra Organizzazione, sottolineando come l&#8217;Area Metropolitana Bolognese e Ferrara, anche in periodi di imponenti uscite di lavoratori dovute ai piani di esodo pre-pensionistico negoziati nelle\u00a0aziende di credito, riesca a garantire un notevole ricambio generazionale tra i sindacalisti in quasi tutte le banche, permettendo una continuit\u00e0 di ascolto ed assistenza agli iscritti che viene sempre riconosciuta. E&#8217; toccato invece a Sara Barberotti, Componente della Segreteria Nazionale di First-Cisl, accennare allo\u00a0<em>stato dell&#8217;arte<\/em> dei primi incontri intersindacali per la formazione di una piattaforma rivendicativa unitaria per il rinnovo del Ccnl delle banche aderenti Abi in scadenza. La Barberotti ha poi &#8220;stimolato&#8221; la platea dei dirigenti sindacali sottolineando come nel nostro Paese esista una latente dicotomia tra la continua esigenza di assistenza sindacale dimostrata dai nostri colleghi di banche ed assicurazioni e l&#8217;evidente volont\u00e0 di disintermediazione nei rapporti con i lavoratori che pi\u00f9 di qualche dirigente di partiti politici auspica. Sempre Barberotti, in conclusione del suo intervento, ha rappresentato l&#8217;assoluta necessit\u00e0 di rafforzare il rapporto tra le Federazioni del nostro settore nell&#8217;ambito dei Sindacati Confederali, sulla scia delle intese definite e dei documenti firmati tra CGIL-CISL-UIL e FISAC-FIRST-UILCA nei mesi scorsi, anche in virt\u00f9 del &#8220;nuovo&#8221; clima di collaborazione che pare emergere tra le Federazioni Nazionali dei lavoratori Bancari, Assicurativi ed Esattoriali. Prima di aprire il dibattito, il Segretario Generale Vignali ha, come di consueto, presentato i documenti ed i materiali che comporranno le buste\/strenne che verranno distribuite a tutti gli iscritti entro fine anno; sono state spiegate le polizze assicurative facoltative contro i rischi professionali a disposizione dei colleghi con tariffe in convenzione con primarie assicurazioni o broker, oltre che le varie coperture gratuite offerte dal Nazionale di cui beneficiano tutti gli iscritti alla First e\/o alla Cisl: dalla &#8220;R.C. Capofamiglia&#8221; (base) alla &#8220;Tutela Legale per la vita privata&#8221;, dalla &#8220;Garanzia Assistenza Casa&#8221; (base) alla &#8220;Garanzia Diaria da Infortunio&#8221;; sono poi state mostrate le agende-planning da tavolo ed i gadget personalizzati che ciascun iscritto ricever\u00e0 e si \u00e8 ricordato che prossimamente saranno a disposizione anche i calendari da tavolo, al momento ancora in fase di stampa a cura della tipografia incaricata dalla First Nazionale. E&#8217; quindi seguito un partecipato dibattito, su tutti gli argomenti introdotti dai relatori, che ha permesso di &#8220;toccare con mano&#8221; il\u00a0<em>sentiment<\/em>\u00a0\u00a0dei dirigenti territoriali impegnati &#8220;in prima linea&#8221; tutti i giorni ad ascoltare le esigenze e, spesso, i problemi veri, dei colleghi, dando la possibilit\u00e0 alla Segreteria di rappresentare le opportunit\u00e0 e le disponibilit\u00e0 che il nostro Sindacato mette in campo per far si che la &#8220;vicinanza ai lavoratori&#8221; non resti solo uno slogan vuoto, ma dimostri effettivamente che per la Cisl &#8220;la Persona \u00e8 al centro&#8221;.<\/p>\n<p><img loading=\"lazy\" decoding=\"async\" class=\"alignnone wp-image-1517\" src=\"https:\/\/www.firstcisl.it\/ambofe\/wp-content\/uploads\/sites\/41\/2018\/12\/Platea-300x225.jpg\" alt=\"\" width=\"300\" height=\"225\" srcset=\"https:\/\/www.firstcisl.it\/ambofe\/wp-content\/uploads\/sites\/41\/2018\/12\/Platea-300x225.jpg 300w, https:\/\/www.firstcisl.it\/ambofe\/wp-content\/uploads\/sites\/41\/2018\/12\/Platea-768x576.jpg 768w, https:\/\/www.firstcisl.it\/ambofe\/wp-content\/uploads\/sites\/41\/2018\/12\/Platea-1024x768.jpg 1024w, https:\/\/www.firstcisl.it\/ambofe\/wp-content\/uploads\/sites\/41\/2018\/12\/Platea-120x90.jpg 120w, https:\/\/www.firstcisl.it\/ambofe\/wp-content\/uploads\/sites\/41\/2018\/12\/Platea.jpg 2048w\" sizes=\"auto, (max-width: 300px) 100vw, 300px\" \/>\u00a0\u00a0<img loading=\"lazy\" decoding=\"async\" class=\"alignnone size-medium wp-image-1520\" src=\"https:\/\/www.firstcisl.it\/ambofe\/wp-content\/uploads\/sites\/41\/2018\/12\/Tavolo-relatori-300x225.jpg\" alt=\"\" width=\"300\" height=\"225\" srcset=\"https:\/\/www.firstcisl.it\/ambofe\/wp-content\/uploads\/sites\/41\/2018\/12\/Tavolo-relatori-300x225.jpg 300w, https:\/\/www.firstcisl.it\/ambofe\/wp-content\/uploads\/sites\/41\/2018\/12\/Tavolo-relatori-768x576.jpg 768w, https:\/\/www.firstcisl.it\/ambofe\/wp-content\/uploads\/sites\/41\/2018\/12\/Tavolo-relatori-1024x768.jpg 1024w, https:\/\/www.firstcisl.it\/ambofe\/wp-content\/uploads\/sites\/41\/2018\/12\/Tavolo-relatori-120x90.jpg 120w, https:\/\/www.firstcisl.it\/ambofe\/wp-content\/uploads\/sites\/41\/2018\/12\/Tavolo-relatori.jpg 2048w\" sizes=\"auto, (max-width: 300px) 100vw, 300px\" \/><\/p>\n<p><a href=\"https:\/\/www.firstcisl.it\/ambofe\/wp-content\/uploads\/sites\/41\/2018\/12\/Le-priorit\u00e0-di-Cgil-Cisl-Uil-per-la-Legge-di-Bilancio-2019.pdf\">https:\/\/www.firstcisl.it\/ambofe\/wp-content\/uploads\/sites\/41\/2018\/12\/Le-priorit\u00e0-di-Cgil-Cisl-Uil-per-la-Legge-di-Bilancio-2019.pdf<\/a><\/p>\n<p>&nbsp;<\/p>\n<div class=\"gsp_post_data\" \r\n\t            data-post_type=\"post\" \r\n\t            data-cat=\"in-primo-piano\" \r\n\t            data-modified=\"120\"\r\n\t            data-created=\"1544121382\"\r\n\t            data-title=\"CONSIGLIO GENERALE FIRST-CISL Area Metropolitana Bolognese e Ferrara\" \r\n\t            data-home=\"https:\/\/www.firstcisl.it\/ambofe\"><\/div>","protected":false},"excerpt":{"rendered":"<p>Luned\u00ec 3 dicembre 2018, presso il Salone Bondioli della Cisl bolognese, si \u00e8 riunito il Consiglio Generale Territoriale della FIRST &#8211; Cisl. Dopo i saluti e l&#8217;introduzione dell&#8217;ordine del giorno e dei relatori programmati da parte del Segretario Generale Territoriale Alberto Vignali, ha preso la parola Danilo Francesconi &#8211; Segretario Generale della Cisl Area Metropolitana [&hellip;]<\/p>\n","protected":false},"author":64,"featured_media":1519,"comment_status":"closed","ping_status":"closed","sticky":false,"template":"","format":"standard","meta":{"footnotes":""},"categories":[4],"tags":[],"class_list":["post-1521","post","type-post","status-publish","format-standard","has-post-thumbnail","hentry","category-in-primo-piano"],"_links":{"self":[{"href":"https:\/\/www.firstcisl.it\/ambofe\/wp-json\/wp\/v2\/posts\/1521","targetHints":{"allow":["GET"]}}],"collection":[{"href":"https:\/\/www.firstcisl.it\/ambofe\/wp-json\/wp\/v2\/posts"}],"about":[{"href":"https:\/\/www.firstcisl.it\/ambofe\/wp-json\/wp\/v2\/types\/post"}],"author":[{"embeddable":true,"href":"https:\/\/www.firstcisl.it\/ambofe\/wp-json\/wp\/v2\/users\/64"}],"replies":[{"embeddable":true,"href":"https:\/\/www.firstcisl.it\/ambofe\/wp-json\/wp\/v2\/comments?post=1521"}],"version-history":[{"count":5,"href":"https:\/\/www.firstcisl.it\/ambofe\/wp-json\/wp\/v2\/posts\/1521\/revisions"}],"predecessor-version":[{"id":1540,"href":"https:\/\/www.firstcisl.it\/ambofe\/wp-json\/wp\/v2\/posts\/1521\/revisions\/1540"}],"wp:featuredmedia":[{"embeddable":true,"href":"https:\/\/www.firstcisl.it\/ambofe\/wp-json\/wp\/v2\/media\/1519"}],"wp:attachment":[{"href":"https:\/\/www.firstcisl.it\/ambofe\/wp-json\/wp\/v2\/media?parent=1521"}],"wp:term":[{"taxonomy":"category","embeddable":true,"href":"https:\/\/www.firstcisl.it\/ambofe\/wp-json\/wp\/v2\/categories?post=1521"},{"taxonomy":"post_tag","embeddable":true,"href":"https:\/\/www.firstcisl.it\/ambofe\/wp-json\/wp\/v2\/tags?post=1521"}],"curies":[{"name":"wp","href":"https:\/\/api.w.org\/{rel}","templated":true}]}}