{"id":1445,"date":"2018-06-15T13:13:42","date_gmt":"2018-06-15T11:13:42","guid":{"rendered":"http:\/\/www.firstcisl.it\/ambofe\/?p=1445"},"modified":"2018-06-26T13:21:10","modified_gmt":"2018-06-26T11:21:10","slug":"la-previdenza-complementare-per-gli-esodati-riflessi-civili-e-fiscali","status":"publish","type":"post","link":"https:\/\/www.firstcisl.it\/ambofe\/2018\/06\/15\/la-previdenza-complementare-per-gli-esodati-riflessi-civili-e-fiscali\/","title":{"rendered":"La Previdenza Complementare per gli Esodati &#8211; Riflessi civili e fiscali"},"content":{"rendered":"<p>Gioved\u00ec 14 giugno presso il Salone Bondioli della Cisl bolognese si \u00e8 svolto un incontro divulgativo organizzato da EsoFirst &#8211; il settore di FIRST Cisl dedicato ai colleghi &#8220;esodati&#8221; &#8211; con lo scopo di informare e preparare i colleghi in procinto di lasciare le aziende (o che le hanno appena lasciate con accesso al Fondo di Solidariet\u00e0 di Settore\u00a0 &#8211; il cosiddetto &#8220;Fondo Esuberi&#8221;) perch\u00e9 possano affrontare consapevolmente le scelte in merito all&#8217;utilizzo dei propri &#8220;zainetti&#8221; detenuti presso i Fondi di Previdenza Complementare.<\/p>\n<p>I relatori Stefano Grillini &#8211; della Segreteria Territoriale FIRST Cisl &#8220;Area Metropolitana Bolognese e Ferrara&#8221; &#8211; e Paolo Di Rienzo &#8211; ex-sindacalista bancario ed ora consulente in materia di previdenza sia di FIRST Cisl, sia della locale Federazione Pensionati Cisl &#8211; hanno illustrato le opportunit\u00e0 offerte dalla legislazione civilistica e fiscale ai colleghi che vanno in &#8220;esodo&#8221;, ma anche i rischi che possono comportare scelte, spesso frettolose, delle modalit\u00e0 di liquidazione delle somme accantonate nel tempo nei Fondi Previdenziali, a causa dell&#8217;estrema disomogeneit\u00e0 dei prelievi fiscali previsti dal legislatore sulle varie opzioni di liquidazione o in base alle diverse anzianit\u00e0 di iscrizione a ciascun fondo previdenziale.<\/p>\n<p>Come gi\u00e0 accaduto nei precedenti incontri similari, gli esempi &#8220;di scuola&#8221; che Di Rienzo e Grillini hanno presentato agli intervenuti (in realt\u00e0 veri e propri casi vissuti da alcuni colleghi in passato) sono serviti per &#8220;stimolare&#8221; interessanti domande dalla platea tanto da protrarre il dibattito ben oltre l&#8217;orario previsto.<\/p>\n<p><img loading=\"lazy\" decoding=\"async\" class=\"size-medium wp-image-1443 alignright\" src=\"https:\/\/www.firstcisl.it\/ambofe\/wp-content\/uploads\/sites\/41\/2018\/06\/Relatori-assemblea-Esodati-a-Bologna-14062018-168x300.jpg\" alt=\"\" width=\"168\" height=\"300\" srcset=\"https:\/\/www.firstcisl.it\/ambofe\/wp-content\/uploads\/sites\/41\/2018\/06\/Relatori-assemblea-Esodati-a-Bologna-14062018-168x300.jpg 168w, https:\/\/www.firstcisl.it\/ambofe\/wp-content\/uploads\/sites\/41\/2018\/06\/Relatori-assemblea-Esodati-a-Bologna-14062018-768x1374.jpg 768w, https:\/\/www.firstcisl.it\/ambofe\/wp-content\/uploads\/sites\/41\/2018\/06\/Relatori-assemblea-Esodati-a-Bologna-14062018-572x1024.jpg 572w, https:\/\/www.firstcisl.it\/ambofe\/wp-content\/uploads\/sites\/41\/2018\/06\/Relatori-assemblea-Esodati-a-Bologna-14062018.jpg 1824w\" sizes=\"auto, (max-width: 168px) 100vw, 168px\" \/><img loading=\"lazy\" decoding=\"async\" class=\"size-medium wp-image-1444 alignleft\" src=\"https:\/\/www.firstcisl.it\/ambofe\/wp-content\/uploads\/sites\/41\/2018\/06\/Platea-Esodati-Esodandi-NeoPensionati-300x169.jpg\" alt=\"\" width=\"300\" height=\"169\" srcset=\"https:\/\/www.firstcisl.it\/ambofe\/wp-content\/uploads\/sites\/41\/2018\/06\/Platea-Esodati-Esodandi-NeoPensionati-300x169.jpg 300w, https:\/\/www.firstcisl.it\/ambofe\/wp-content\/uploads\/sites\/41\/2018\/06\/Platea-Esodati-Esodandi-NeoPensionati-768x432.jpg 768w, https:\/\/www.firstcisl.it\/ambofe\/wp-content\/uploads\/sites\/41\/2018\/06\/Platea-Esodati-Esodandi-NeoPensionati-1024x576.jpg 1024w, https:\/\/www.firstcisl.it\/ambofe\/wp-content\/uploads\/sites\/41\/2018\/06\/Platea-Esodati-Esodandi-NeoPensionati.jpg 2048w\" sizes=\"auto, (max-width: 300px) 100vw, 300px\" \/><\/p>\n<div class=\"gsp_post_data\" \r\n\t            data-post_type=\"post\" \r\n\t            data-cat=\"in-primo-piano\" \r\n\t            data-modified=\"120\"\r\n\t            data-created=\"1529068422\"\r\n\t            data-title=\"La Previdenza Complementare per gli Esodati &#8211; Riflessi civili e fiscali\" \r\n\t            data-home=\"https:\/\/www.firstcisl.it\/ambofe\"><\/div>","protected":false},"excerpt":{"rendered":"<p>Gioved\u00ec 14 giugno presso il Salone Bondioli della Cisl bolognese si \u00e8 svolto un incontro divulgativo organizzato da EsoFirst &#8211; il settore di FIRST Cisl dedicato ai colleghi &#8220;esodati&#8221; &#8211; con lo scopo di informare e preparare i colleghi in procinto di lasciare le aziende (o che le hanno appena lasciate con accesso al Fondo [&hellip;]<\/p>\n","protected":false},"author":64,"featured_media":1442,"comment_status":"closed","ping_status":"closed","sticky":false,"template":"","format":"standard","meta":{"footnotes":""},"categories":[4],"tags":[],"class_list":["post-1445","post","type-post","status-publish","format-standard","has-post-thumbnail","hentry","category-in-primo-piano"],"_links":{"self":[{"href":"https:\/\/www.firstcisl.it\/ambofe\/wp-json\/wp\/v2\/posts\/1445","targetHints":{"allow":["GET"]}}],"collection":[{"href":"https:\/\/www.firstcisl.it\/ambofe\/wp-json\/wp\/v2\/posts"}],"about":[{"href":"https:\/\/www.firstcisl.it\/ambofe\/wp-json\/wp\/v2\/types\/post"}],"author":[{"embeddable":true,"href":"https:\/\/www.firstcisl.it\/ambofe\/wp-json\/wp\/v2\/users\/64"}],"replies":[{"embeddable":true,"href":"https:\/\/www.firstcisl.it\/ambofe\/wp-json\/wp\/v2\/comments?post=1445"}],"version-history":[{"count":8,"href":"https:\/\/www.firstcisl.it\/ambofe\/wp-json\/wp\/v2\/posts\/1445\/revisions"}],"predecessor-version":[{"id":1454,"href":"https:\/\/www.firstcisl.it\/ambofe\/wp-json\/wp\/v2\/posts\/1445\/revisions\/1454"}],"wp:featuredmedia":[{"embeddable":true,"href":"https:\/\/www.firstcisl.it\/ambofe\/wp-json\/wp\/v2\/media\/1442"}],"wp:attachment":[{"href":"https:\/\/www.firstcisl.it\/ambofe\/wp-json\/wp\/v2\/media?parent=1445"}],"wp:term":[{"taxonomy":"category","embeddable":true,"href":"https:\/\/www.firstcisl.it\/ambofe\/wp-json\/wp\/v2\/categories?post=1445"},{"taxonomy":"post_tag","embeddable":true,"href":"https:\/\/www.firstcisl.it\/ambofe\/wp-json\/wp\/v2\/tags?post=1445"}],"curies":[{"name":"wp","href":"https:\/\/api.w.org\/{rel}","templated":true}]}}