{"id":2808,"date":"2025-01-30T19:21:35","date_gmt":"2025-01-30T18:21:35","guid":{"rendered":"https:\/\/www.firstcisl.it\/agenziadelleentrateriscossione\/?p=2808"},"modified":"2025-01-30T19:21:35","modified_gmt":"2025-01-30T18:21:35","slug":"incontro-con-il-nuovo-direttore-dellagenzia-delle-entrate-riscossione","status":"publish","type":"post","link":"https:\/\/www.firstcisl.it\/agenziadelleentrateriscossione\/2025\/01\/30\/incontro-con-il-nuovo-direttore-dellagenzia-delle-entrate-riscossione\/","title":{"rendered":"Incontro con il nuovo direttore dell\u2019Agenzia delle entrate-Riscossione"},"content":{"rendered":"<p><em>Pubblichiamo il <strong><a href=\"https:\/\/www.firstcisl.it\/agenziadelleentrateriscossione\/wp-content\/uploads\/sites\/36\/2025\/01\/Comunicato-nazionale-unitario-30-gennaio-2025-1.pdf\" target=\"_blank\" rel=\"noopener\">comunicato unitario<\/a><\/strong> a firma delle Segreterie nazionali di Fabi, First Cisl, Fisac Cgil, Uilca e Unisin del settore della Riscossione:<\/em><\/p>\n<h3 style=\"text-align: center;\">Incontro con il nuovo Direttore<br \/>\ndell&#8217;Agenzia delle entrate-Riscossione<\/h3>\n<p>Nella mattinata odierna abbiamo incontrato il Dottor Vincenzo Carbone, neo Direttore di Ader, alla presenza del Dottor Massimo Pinzarrone.<\/p>\n<p>\u00c8 stata l\u2019occasione per conoscerci e per rappresentargli i temi importanti che dobbiamo affrontare con l\u2019obiettivo di continuare a tutelare e a migliorare le condizioni delle lavoratrici e dei lavoratori di Agenzia delle entrate-Riscossione (Ader).<\/p>\n<p>In apertura il neo Direttore ha dichiarato di essere disponibile ad ascoltare le necessit\u00e0 dei lavoratori confrontandosi con le organizzazioni sindacali con l\u2019obiettivo di ricercare soluzioni condivise che garantiscano il benessere lavorativo.<\/p>\n<p>Abbiamo sottolineato l\u2019importanza dell\u2019attivit\u00e0 che svolgiamo come lavoratrici e lavoratori della Riscossione e della funzione sociale dell\u2019Ente al servizio del Paese, rivendicando la necessit\u00e0 di mantenere il riconoscimento delle specificit\u00e0 del settore.<\/p>\n<p>In\u00a0 particolare, abbiamo evidenziato la necessit\u00e0 di avviare il confronto per il rinnovo del Contratto collettivo nazionale di lavoro (Ccnl) e del Contratto integrativo aziendale (Cia), appena presenteremo le piattaforme, al termine delle assemblee che sono in corso per la loro approvazione.<\/p>\n<p>Il rinnovo dei contratti rappresenta infatti un momento fondamentale per il riconoscimento e la valorizzazione della professionalit\u00e0 della categoria e degli straordinari risultati conseguiti.<\/p>\n<p>Altro argomento su cui abbiamo posto l\u2019attenzione \u00e8 stato quello relativo alle assunzioni, ormai non pi\u00f9 rinviabili alla luce delle moltissime fuoriuscite di colleghi per pensionamento e della forte esigenza di soddisfare le numerose richieste di trasferimento e di mobilit\u00e0 interna non ancora accolte.<\/p>\n<p>Ulteriore argomento affrontato \u00e8 stato quello delle rotazioni necessarie per \u201cprevenire i fenomeni corruttivi\u201d e la richiesta di utilizzare il job posting, in tutte le sue accezioni, applicando le vigenti norme contrattuali anche nei casi di posizioni vacanti da ricoprire.<\/p>\n<p>Nel risponderci il Direttore ha condiviso l\u2019importanza dell\u2019attivit\u00e0 della Riscossione all\u2019interno della filiera fiscale come funzione indispensabile per la collettivit\u00e0 e ha sottolineato la necessit\u00e0 di relazioni industriali improntate alla reciproca correttezza e trasparenza dando la sua disponibilit\u00e0 a mantenere un dialogo continuo e costruttivo.<\/p>\n<p>Per quanto riguarda le assunzioni ci \u00e8 stato comunicato che a breve saranno individuate sedi e date per effettuare le prove selettive.<\/p>\n<p>Rispondendo alle nostre considerazioni sul \u201cjob posting\u201d e condividendo la necessit\u00e0 di applicare le norme contrattuali \u00e8 stato calendarizzato un incontro per il prossimo 10 febbraio.<\/p>\n<p>Esprimiamo una valutazione positiva dell\u2019incontro odierno nel quale abbiamo apprezzato le disponibilit\u00e0 dichiarate <em>che auspichiamo si traducano in fatti concreti su tutte le tematiche poste all\u2019attenzione oggi e su tutte quelle che si presenteranno tempo per tempo. <\/em><\/p>\n<p><em>Roma, 30 gennaio 2025 <\/em><\/p>\n<p style=\"text-align: center;\"><strong>Le Segreterie nazionali del settore della Riscossione<\/strong><br \/>\n<strong><em>Fabi, First Cisl, Fisac Cgil, Uilca e Unisin<\/em><\/strong><\/p>\n<p>&nbsp;<\/p>\n<hr \/>\n<p><em>Qui il <strong><a href=\"https:\/\/www.firstcisl.it\/agenziadelleentrateriscossione\/wp-content\/uploads\/sites\/36\/2025\/01\/Comunicato-nazionale-unitario-30-gennaio-2025-1.pdf\" target=\"_blank\" rel=\"noopener\">comunicato unitario<\/a><\/strong> a firma delle Segreterie nazionali di Fabi, First Cisl, Fisac Cgil, Uilca e Unisin del settore della Riscossione<\/em><\/p>\n<p>&nbsp;<\/p>\n<div class=\"gsp_post_data\" \r\n\t            data-post_type=\"post\" \r\n\t            data-cat=\"in-primo-piano\" \r\n\t            data-modified=\"120\"\r\n\t            data-created=\"1738264895\"\r\n\t            data-title=\"Incontro con il nuovo direttore dell\u2019Agenzia delle entrate-Riscossione\" \r\n\t            data-home=\"https:\/\/www.firstcisl.it\/agenziadelleentrateriscossione\"><\/div>","protected":false},"excerpt":{"rendered":"<p>Pubblichiamo il comunicato unitario a firma delle Segreterie nazionali di Fabi, First Cisl, Fisac Cgil, Uilca e Unisin del settore della Riscossione: Incontro con il nuovo Direttore dell&#8217;Agenzia delle entrate-Riscossione Nella mattinata odierna abbiamo incontrato il Dottor Vincenzo Carbone, neo Direttore di Ader, alla presenza del Dottor Massimo Pinzarrone. \u00c8 stata l\u2019occasione per conoscerci e [&hellip;]<\/p>\n","protected":false},"author":55,"featured_media":2809,"comment_status":"closed","ping_status":"closed","sticky":false,"template":"","format":"standard","meta":{"footnotes":""},"categories":[4],"tags":[15,149,147,148,50,48,144,146],"class_list":["post-2808","post","type-post","status-publish","format-standard","has-post-thumbnail","hentry","category-in-primo-piano","tag-comunicato-unitario","tag-job-posting","tag-massimo-pinzarrone","tag-mobilita-interna","tag-piattaforma","tag-rinnovo-ccnl-ader","tag-rinnovo-cia-ader","tag-vincenzo-carbone"],"_links":{"self":[{"href":"https:\/\/www.firstcisl.it\/agenziadelleentrateriscossione\/wp-json\/wp\/v2\/posts\/2808","targetHints":{"allow":["GET"]}}],"collection":[{"href":"https:\/\/www.firstcisl.it\/agenziadelleentrateriscossione\/wp-json\/wp\/v2\/posts"}],"about":[{"href":"https:\/\/www.firstcisl.it\/agenziadelleentrateriscossione\/wp-json\/wp\/v2\/types\/post"}],"author":[{"embeddable":true,"href":"https:\/\/www.firstcisl.it\/agenziadelleentrateriscossione\/wp-json\/wp\/v2\/users\/55"}],"replies":[{"embeddable":true,"href":"https:\/\/www.firstcisl.it\/agenziadelleentrateriscossione\/wp-json\/wp\/v2\/comments?post=2808"}],"version-history":[{"count":1,"href":"https:\/\/www.firstcisl.it\/agenziadelleentrateriscossione\/wp-json\/wp\/v2\/posts\/2808\/revisions"}],"predecessor-version":[{"id":2810,"href":"https:\/\/www.firstcisl.it\/agenziadelleentrateriscossione\/wp-json\/wp\/v2\/posts\/2808\/revisions\/2810"}],"wp:featuredmedia":[{"embeddable":true,"href":"https:\/\/www.firstcisl.it\/agenziadelleentrateriscossione\/wp-json\/wp\/v2\/media\/2809"}],"wp:attachment":[{"href":"https:\/\/www.firstcisl.it\/agenziadelleentrateriscossione\/wp-json\/wp\/v2\/media?parent=2808"}],"wp:term":[{"taxonomy":"category","embeddable":true,"href":"https:\/\/www.firstcisl.it\/agenziadelleentrateriscossione\/wp-json\/wp\/v2\/categories?post=2808"},{"taxonomy":"post_tag","embeddable":true,"href":"https:\/\/www.firstcisl.it\/agenziadelleentrateriscossione\/wp-json\/wp\/v2\/tags?post=2808"}],"curies":[{"name":"wp","href":"https:\/\/api.w.org\/{rel}","templated":true}]}}