{"id":1664,"date":"2023-03-29T17:10:48","date_gmt":"2023-03-29T15:10:48","guid":{"rendered":"https:\/\/www.firstcisl.it\/agenziadelleentrateriscossione\/?p=1664"},"modified":"2023-03-29T17:10:48","modified_gmt":"2023-03-29T15:10:48","slug":"sindacati-ader-lanciano-lallarme-il-settore-riscossione-di-nuovo-sotto-attacco","status":"publish","type":"post","link":"https:\/\/www.firstcisl.it\/agenziadelleentrateriscossione\/2023\/03\/29\/sindacati-ader-lanciano-lallarme-il-settore-riscossione-di-nuovo-sotto-attacco\/","title":{"rendered":"Sindacati Ader lanciano l\u2019allarme: \u201cil settore riscossione di nuovo sotto attacco\u201d"},"content":{"rendered":"<p>&#8220;Il settore della riscossione di nuovo sotto attacco&#8221;. Questo il titolo del <a href=\"https:\/\/www.firstcisl.it\/agenziadelleentrateriscossione\/wp-content\/uploads\/sites\/36\/2023\/03\/Comunicato_Ader_20230329_Settore_riscossione_di_nuovo_sotto_attacco.pdf\" target=\"_blank\" rel=\"noopener\"><strong>comunicato unitario<\/strong><\/a> diramato dalle segreterie nazionali del settore riscossione di Fabi, First Cisl, Fisac Cgil, Uilca e Unisin.<\/p>\n<p>&#8220;Nei giorni scorsi \u2013 riporta la nota congiunta \u2013 si sono concluse le assemblee unitarie tenute dalle segreterie nazionali a Firenze, Torino, Milano, Roma e Napoli aventi all\u2019ordine del giorno la cessione del ramo di azienda dell\u2019ict di AdeR a Sogei, cos\u00ec come previsto dalla Legge di bilancio 2023, e la riforma fiscale prevista dalla Legge delega con particolare riferimento alla riorganizzazione della riscossione&#8221;.<\/p>\n<p>&#8220;Le assemblee \u2013 prosegue il comunicato \u2013 sono state un primo momento informativo e di dialogo con le lavoratrici e i lavoratori dell\u2019ente ed hanno visto un\u2019ampia partecipazione dei colleghi a sottolineare come il momento che il settore sta attraversando sia particolarmente critico; \u00e8 stata confermata la netta contrariet\u00e0 alla modalit\u00e0 con cui \u00e8 stata disposta la cessione del ramo d\u2019azienda soprattutto riguardo alle ricadute che ne deriverebbero per i lavoratori rispetto alle condizioni economiche, giuridiche, previdenziali ed al mantenimento dell\u2019attuale sede di lavoro&#8221;.<\/p>\n<p>Le organizzazioni sindacali attive in Ader evidenziano che &#8220;la disposizione contenuta nella legge non solo prevede per i colleghi coinvolti dalla cessione del ramo d\u2019azienda \u00ab<em>l\u2019applicazione della contrattazione collettiva di primo e di secondo livello applicata presso la Sogei Spa e con salvezza di eventuali differenze retributive specificamente riscontrate con riferimento ai soli trattamenti minimi previsti dai contratti collettivi nazionali di lavoro applicati\u00bb, <\/em>ma nemmeno garantisce i diritti acquisiti in materia di previdenza&#8221;.<\/p>\n<p>Per Fabi, First Cisl, Fisac Cgil, Uilca e Unisin &#8220;tutto questo dovr\u00e0 essere corretto e trovare il giusto riconoscimento nella stesura del decreto ministeriale, previsto dall\u2019art. 1 c. 263 della Legge di bilancio, che stabilir\u00e0 le modalit\u00e0 applicative. Al fine di poter tutelare adeguatamente le lavoratrici ed i lavoratori, abbiamo inviato al Ministro dell\u2019economia e delle finanze formale richiesta di incontro urgente per essere coinvolti durante i lavori di definizione di suddetto Decreto ministeriale, ma, al momento, non abbiamo ricevuto alcuna risposta&#8221;.<\/p>\n<p>&#8220;A fronte di questo assordante silenzio \u2013 ribadisce la nota unitaria \u2013 <strong>riteniamo indispensabile mettere in campo delle iniziative per proseguire una vertenza che dia voce ai diritti delle lavoratrici e dei lavoratori che dovranno essere garantiti<\/strong> e stiamo pertanto organizzando un presidio da tenersi davanti alla sede del Ministero dell\u2019economia e delle finanze cui seguiranno ulteriori forti iniziative che potranno anche prevedere il coinvolgimento diretto di tutte le colleghe ed i colleghi. Siamo di fronte ad un nuovo attacco che attraverso una legge \u00e8 stato indirizzato all\u2019intera categoria e potrebbe rappresentare un precedente pericoloso per tutte le lavoratrici ed i lavoratori&#8221;.<\/p>\n<p>&#8220;E\u2019 importante \u2013 rimarca ancora il comunicato \u2013 essere preparati ad affrontare in modo adeguato la situazione che si sta delineando tenendo presente che sul settore grava l\u2019incognita della Legge di delega fiscale che, attraverso la previsione di interventi organizzativi sul settore della riscossione, <em>\u00abmediante il trasferimento delle funzioni e delle attivit\u00e0 attualmente svolte dall\u2019Agente nazionale della riscossione, o di parte di esse, all\u2019Agenzia delle Entrate, in modo da superare l\u2019attuale sistema, caratterizzato da una netta separazione tra l\u2019Agenzia delle Entrate, titolare della funzione della riscossione e l\u2019Agenzia delle Entrate-Riscossione, soggetto che svolge le attivit\u00e0 della riscossione\u00bb<\/em>, rappresenta una grave minaccia all\u2019esistenza stessa della categoria&#8221;.<\/p>\n<p>&#8220;Proprio con riferimento alla Delega fiscale approvata dal Governo, giunta recentissimamente in Parlamento per l\u2019inizio dell\u2019iter di legge, le scriventi segreterie nazionali chiederanno un\u2019audizione presso la Commissione a cui sar\u00e0 assegnata la discussione del testo al fine di sensibilizzare e far conoscere al Parlamento le perplessit\u00e0 su un\u2019operazione che non condividiamo e che, in ogni caso, non pu\u00f2 essere fatta senza le necessarie tutele ed il rispetto delle legittime aspettative della Categoria&#8221;.<\/p>\n<p><em>Roma, 29 marzo 2023<\/em><\/p>\n<hr \/>\n<p>Il <a href=\"https:\/\/www.firstcisl.it\/agenziadelleentrateriscossione\/wp-content\/uploads\/sites\/36\/2023\/03\/Comunicato_Ader_20230329_Settore_riscossione_di_nuovo_sotto_attacco.pdf\"><b>comunicato unitario<\/b><\/a>\u00a0delle segreterie nazionali di Fabi, First Cisl, Fisac Cgil, Uilca, Unisin<\/p>\n<div class=\"gsp_post_data\" \r\n\t            data-post_type=\"post\" \r\n\t            data-cat=\"contrattazione\" \r\n\t            data-modified=\"120\"\r\n\t            data-created=\"1680109848\"\r\n\t            data-title=\"Sindacati Ader lanciano l\u2019allarme: \u201cil settore riscossione di nuovo sotto attacco\u201d\" \r\n\t            data-home=\"https:\/\/www.firstcisl.it\/agenziadelleentrateriscossione\"><\/div>","protected":false},"excerpt":{"rendered":"<p>&#8220;Il settore della riscossione di nuovo sotto attacco&#8221;. Questo il titolo del comunicato unitario diramato dalle segreterie nazionali del settore riscossione di Fabi, First Cisl, Fisac Cgil, Uilca e Unisin. &#8220;Nei giorni scorsi \u2013 riporta la nota congiunta \u2013 si sono concluse le assemblee unitarie tenute dalle segreterie nazionali a Firenze, Torino, Milano, Roma e [&hellip;]<\/p>\n","protected":false},"author":60,"featured_media":1614,"comment_status":"closed","ping_status":"closed","sticky":false,"template":"","format":"standard","meta":{"footnotes":""},"categories":[6],"tags":[46,72,82,83,33,15,84,80,87,76],"class_list":["post-1664","post","type-post","status-publish","format-standard","has-post-thumbnail","hentry","category-contrattazione","tag-ader","tag-agenzia-delle-entrate-riscossione","tag-assemblee","tag-cessione-ramo-dazienda","tag-comunicato-stampa","tag-comunicato-unitario","tag-delega-fiscale","tag-ict","tag-mef","tag-sogei"],"_links":{"self":[{"href":"https:\/\/www.firstcisl.it\/agenziadelleentrateriscossione\/wp-json\/wp\/v2\/posts\/1664","targetHints":{"allow":["GET"]}}],"collection":[{"href":"https:\/\/www.firstcisl.it\/agenziadelleentrateriscossione\/wp-json\/wp\/v2\/posts"}],"about":[{"href":"https:\/\/www.firstcisl.it\/agenziadelleentrateriscossione\/wp-json\/wp\/v2\/types\/post"}],"author":[{"embeddable":true,"href":"https:\/\/www.firstcisl.it\/agenziadelleentrateriscossione\/wp-json\/wp\/v2\/users\/60"}],"replies":[{"embeddable":true,"href":"https:\/\/www.firstcisl.it\/agenziadelleentrateriscossione\/wp-json\/wp\/v2\/comments?post=1664"}],"version-history":[{"count":6,"href":"https:\/\/www.firstcisl.it\/agenziadelleentrateriscossione\/wp-json\/wp\/v2\/posts\/1664\/revisions"}],"predecessor-version":[{"id":1673,"href":"https:\/\/www.firstcisl.it\/agenziadelleentrateriscossione\/wp-json\/wp\/v2\/posts\/1664\/revisions\/1673"}],"wp:featuredmedia":[{"embeddable":true,"href":"https:\/\/www.firstcisl.it\/agenziadelleentrateriscossione\/wp-json\/wp\/v2\/media\/1614"}],"wp:attachment":[{"href":"https:\/\/www.firstcisl.it\/agenziadelleentrateriscossione\/wp-json\/wp\/v2\/media?parent=1664"}],"wp:term":[{"taxonomy":"category","embeddable":true,"href":"https:\/\/www.firstcisl.it\/agenziadelleentrateriscossione\/wp-json\/wp\/v2\/categories?post=1664"},{"taxonomy":"post_tag","embeddable":true,"href":"https:\/\/www.firstcisl.it\/agenziadelleentrateriscossione\/wp-json\/wp\/v2\/tags?post=1664"}],"curies":[{"name":"wp","href":"https:\/\/api.w.org\/{rel}","templated":true}]}}