{"id":1990,"date":"2020-04-22T19:22:26","date_gmt":"2020-04-22T17:22:26","guid":{"rendered":"https:\/\/www.firstcisl.it\/abruzzomolise\/?p=1990"},"modified":"2020-04-22T19:22:26","modified_gmt":"2020-04-22T17:22:26","slug":"banca-popolare-di-bari-ed-emergenza-covid-19","status":"publish","type":"post","link":"https:\/\/www.firstcisl.it\/abruzzomolise\/2020\/04\/22\/banca-popolare-di-bari-ed-emergenza-covid-19\/","title":{"rendered":"Banca Popolare Di Bari ed emergenza Covid-19"},"content":{"rendered":"<p>Il Covid pu\u00f2 perfino peggiorare la situazione della Banca Popolare di Bari, di per s\u00e9 gi\u00e0 spinosa e critica, dal momento che nel suo Piano industriale ri-stilato dai commissari, appunto in funzione virus, prevede complessivamente 900 esuberi e 100 filiali da chiudere nell\u2019arco di 5 anni. In buona sostanza, un taglio di un terzo dei numeri, criterio che molto plausibilmente potrebbe essere applicato anche all\u2019Abruzzo con le sue 99 filiali e 800 dipendenti. Un piano tarato per le nuove esigenze.<\/p>\n<p>\u201cA pagare \u2013 dichiara Claudio Bellini, segretario regionale First Cisl \u2013 saranno per prima le filiali in rosso, o quelle pi\u00f9 piccole, posizionate nell\u2019entroterra che malgrado tutto assolvono ad una funzione socio-economica indispensabile\u201d. Ed era questa la cornice che preoccupava molto il governatore Marco Marsilio, assieme al suo assessore Mauro Febbo: il presidente difatti chiam\u00f2 all\u2019appello, nel dicembre scorso, i parlamentari abruzzesi \u201ca cominciare da quelli che sostengono il governo, nel difendere gli interessi regionali e nel darsi da fare perch\u00e9 vengano subito adottati provvedimenti risolutivi&#8221;.<\/p>\n<p>Bellini, che fa capire come la misura potr\u00e0 ancora essere trattata coi sindacati, anche se gli spazi di manovra saranno molto limitati, o quasi nulli. Fa dunque leva sulla politica \u201cche \u00e8 mancata finora, di certo non ci ha dato una grossa mano, un po\u2019 perch\u00e9 le competenze sono quel che sono, un po\u2019 perch\u00e9 anche Bankitalia poi ci ha messo lo zampino: qui siamo lontani dal capire che il credito \u00e8 essenziale in questo momento, soprattutto per le piccole e medie imprese del territorio che dovranno ripartire al pi\u00f9 presto\u201d.<\/p>\n<p>L&#8217;Informativa dei commissari segna l&#8217;avvio della procedura sindacale per l&#8217;approvazione del Piano che dovr\u00e0 necessariamente attivare il Fondo esuberi. L&#8217;accordo con i sindacati, uno dei passaggi chiave del rilancio dell&#8217;istituto, sar\u00e0 poi approvato dall&#8217;assemblea che guider\u00e0 anche la trasformazione in Spa della Popolare.<\/p>\n<p>\u201cPer il momento gli esuberi potranno riguardare i dipendenti a cinque anni dalla pensione, vi sar\u00e0 un accompagnamento all\u2019uscita e la ratio dovr\u00e0 confrontarsi con i cinque anni su cui si spalma il Piano\u201d.<\/p>\n<p>Oltretutto ancora non si sa se la ripartizione sar\u00e0 omogenea: se il terzo degli esuberi riguarder\u00e0 anche Tercas e Caripe. Poi in tempi di Covid \u201cquesta situazione si aggrava perch\u00e9 c\u2019\u00e8 una corsa a usufruire dei prestiti messi a disposizione dal governo per gli imprenditori e delle anticipazioni per la cassa integrazione ma gli istituti di credito vanno ciascuno per la loro strada, non c\u2019\u00e8 una direttiva unica\u201d.<\/p>\n<p>Bellini spiega che non vuole atteggiarsi a Robespierre ma \u201cil management che ha sbagliato dovr\u00e0 pagare: parlo di coloro che hanno guidato la banca in questi anni e si sono macchiati di colpe, anche agli occhi dei dipendenti che dinanzi ai clienti fanno il massimo giorno dopo giorno per riabilitarsi e riabilitare l\u2019immagine della banca\u201d.<\/p>\n<p>E difatti non \u00e8 in mistero che diversi depositi, alla luce dei fatti, stanno volando verso altri lidi \u201cin altre banche che fanno di tutto per attirarli\u201d.<\/p>\n<p>Il rammarico del sindacalista \u00e8 quello di aver visto una Bankitalia troppo attendista in questa vicenda: \u201cPoteva approfondire meglio e prima la situazione patrimoniale barese evitando passaggi dolorosi ai dipendenti\u201d.<\/p>\n<p>La road map ora prevede che la due diligence verr\u00e0 terminata entro il 25 maggio e l\u2019assemblea per il 30 giugno.<\/p>\n<p>Il consigliere regionale Pd, Dino Pepe, teme anche la tenuta degli anticipi di cassa integrazione \u201cvisto che il sistema bancario \u00e8 cos\u00ec fragile: si avranno problemi per l\u2019economia regionale delle famiglie meno robuste. Con queste richieste di esuberi piove sul bagnato: Tercas e Caripe avevano gi\u00e0 pagato il loro prezzo quando sono state assorbite\u201d.<\/p>\n<div class=\"gsp_post_data\" \r\n\t            data-post_type=\"post\" \r\n\t            data-cat=\"banche\" \r\n\t            data-modified=\"120\"\r\n\t            data-created=\"1587583346\"\r\n\t            data-title=\"Banca Popolare Di Bari ed emergenza Covid-19\" \r\n\t            data-home=\"https:\/\/www.firstcisl.it\/abruzzomolise\"><\/div>","protected":false},"excerpt":{"rendered":"<p>Il Covid pu\u00f2 perfino peggiorare la situazione della Banca Popolare di Bari, di per s\u00e9 gi\u00e0 spinosa e critica, dal momento che nel suo Piano industriale ri-stilato dai commissari, appunto in funzione virus, prevede complessivamente 900 esuberi e 100 filiali da chiudere nell\u2019arco di 5 anni. In buona sostanza, un taglio di un terzo dei [&hellip;]<\/p>\n","protected":false},"author":96,"featured_media":1637,"comment_status":"closed","ping_status":"closed","sticky":false,"template":"","format":"standard","meta":{"footnotes":""},"categories":[21],"tags":[],"class_list":["post-1990","post","type-post","status-publish","format-standard","has-post-thumbnail","hentry","category-banche"],"_links":{"self":[{"href":"https:\/\/www.firstcisl.it\/abruzzomolise\/wp-json\/wp\/v2\/posts\/1990","targetHints":{"allow":["GET"]}}],"collection":[{"href":"https:\/\/www.firstcisl.it\/abruzzomolise\/wp-json\/wp\/v2\/posts"}],"about":[{"href":"https:\/\/www.firstcisl.it\/abruzzomolise\/wp-json\/wp\/v2\/types\/post"}],"author":[{"embeddable":true,"href":"https:\/\/www.firstcisl.it\/abruzzomolise\/wp-json\/wp\/v2\/users\/96"}],"replies":[{"embeddable":true,"href":"https:\/\/www.firstcisl.it\/abruzzomolise\/wp-json\/wp\/v2\/comments?post=1990"}],"version-history":[{"count":1,"href":"https:\/\/www.firstcisl.it\/abruzzomolise\/wp-json\/wp\/v2\/posts\/1990\/revisions"}],"predecessor-version":[{"id":1991,"href":"https:\/\/www.firstcisl.it\/abruzzomolise\/wp-json\/wp\/v2\/posts\/1990\/revisions\/1991"}],"wp:featuredmedia":[{"embeddable":true,"href":"https:\/\/www.firstcisl.it\/abruzzomolise\/wp-json\/wp\/v2\/media\/1637"}],"wp:attachment":[{"href":"https:\/\/www.firstcisl.it\/abruzzomolise\/wp-json\/wp\/v2\/media?parent=1990"}],"wp:term":[{"taxonomy":"category","embeddable":true,"href":"https:\/\/www.firstcisl.it\/abruzzomolise\/wp-json\/wp\/v2\/categories?post=1990"},{"taxonomy":"post_tag","embeddable":true,"href":"https:\/\/www.firstcisl.it\/abruzzomolise\/wp-json\/wp\/v2\/tags?post=1990"}],"curies":[{"name":"wp","href":"https:\/\/api.w.org\/{rel}","templated":true}]}}